{"id":2153,"date":"2025-05-21T07:14:22","date_gmt":"2025-05-21T07:14:22","guid":{"rendered":"http:\/\/blog.marosan.com\/?p=2153"},"modified":"2025-05-21T07:14:22","modified_gmt":"2025-05-21T07:14:22","slug":"ez-nem-a-vilag-vege","status":"publish","type":"post","link":"http:\/\/blog.marosan.com\/?p=2153","title":{"rendered":"Ez nem a vil\u00e1g v\u00e9ge."},"content":{"rendered":"\n<p>Hadd kezdjem a legfontosabbal: ez a k\u00f6nyv &#8211; Hannah Ritchie alkot\u00e1sa &#8211; nagyon j\u00f3 \u00e9s mindenkinek, akinek fontos gyermekei sorsa, \u00e9s az emberis\u00e9g j\u00f6v\u0151je szinte k\u00f6telez\u0151 olvasm\u00e1ny. Konkr\u00e9t t\u00e9nyeket felsorakoztatva, azokat rendszerbe foglalva, j\u00f3 st\u00edlusban \u00e9s meggy\u0151z\u0151 \u00e9rvel\u00e9ssel sz\u00f3l, a mindannyiunk sz\u00e1m\u00e1ra \u2013 t\u00falz\u00e1s n\u00e9lk\u00fcl \u2013 \u00e9letbev\u00e1g\u00f3 t\u00e9m\u00e1r\u00f3l, a glob\u00e1lis k\u00f6rnyezet \u00e1llapot\u00e1r\u00f3l \u00e9s az azt befoly\u00e1sol\u00f3 t\u00e9nyez\u0151kr\u0151l. Van azonban m\u00e9g egy, a t\u00e9m\u00e1ban sz\u00fcletett sz\u00e1mtalan m\u0171t\u0151l megk\u00fcl\u00f6nb\u00f6ztet\u0151 jellemz\u0151je. M\u00e1r a k\u00f6nyv c\u00edm is &#8211; \u201eEz nem a vil\u00e1g v\u00e9ge\u201d \u2013 kifejezi ellenv\u00e9lem\u00e9ny\u00e9t a napjainkban oly gyakori apokaliptikus j\u00f3slatokkal szemben.\u00a0 A szerz\u0151 ezzel kapcsolatos \u00e1ll\u00e1spontj\u00e1t pontosan t\u00fckr\u00f6zi az alc\u00edm: \u201eHogyan lehet\u00fcnk az els\u0151 gener\u00e1ci\u00f3, amely fenntarthat\u00f3 bolyg\u00f3t \u00e9p\u00edt?\u201d. A k\u00f6nyv, t\u00f6bb szaktudom\u00e1ny leg\u00fajabb \u00e9s ellen\u0151rz\u00f6tt vizsg\u00e1lataira t\u00e1maszkodva nem puszt\u00e1n azt bizony\u00edtja, hogy a vil\u00e1gv\u00e9ge j\u00f3slatok t\u00falz\u00f3k, hanem azt, hogy hamisak.<\/p>\n\n\n\n<p>Ugyanakkor nem esik az ellenkez\u0151 v\u00e9gletbe sem, vagyis nem \u00e1ll\u00edtja, hogy nincs itt semmi probl\u00e9ma. V\u00e9gk\u00f6vetkeztet\u00e9se \u00edgy egyszerre optimista, m\u00e9gis figyelmeztet\u0151: a tudom\u00e1nyos kutat\u00e1sok eredm\u00e9nyeire t\u00e1maszkodva \u00e9rz\u00e9kelteti a gondok s\u00falyoss\u00e1g\u00e1t, de bemutatja, hogy milyen halad\u00e1st \u00e9rt\u00fcnk el az elm\u00falt \u00e9vtizedben. Ezzel meggy\u0151zi az olvas\u00f3t, hogy a megold\u00e1s alapvet\u0151en rajtunk, embereken m\u00falik. A szerz\u0151 \u2013 Hannah Ritchie &#8211; m\u00e1r elismert kutat\u00f3, aki fiatal kora ellen\u00e9re tekint\u00e9lyes tudom\u00e1nyos t\u00e1rsas\u00e1gok tagja, akit \u00edgy jellemzett a <em>New Scientist<\/em> foly\u00f3irat: \u201e\u0150 az a n\u0151, akinek k\u00f6sz\u00f6nhet\u0151en az eg\u00e9sz vil\u00e1g adatokhoz jutott a COVID-19-r\u0151l\u201d. Saj\u00e1t bevall\u00e1sa szerint, a k\u00f6nyv meg\u00edr\u00e1s\u00e1ra az k\u00e9sztette, hogy munk\u00e1ja sor\u00e1n gyakran szembes\u00fclt az \u00e1tlagembereknek a glob\u00e1lis probl\u00e9m\u00e1kkal kapcsolatos &#8211; \u00e1ltala \u201ekatasztrofiz\u00e1l\u00f3 gondolkod\u00e1sm\u00f3dnak\u201d nevezett \u2013 szeml\u00e9let\u00e9vel. Az a rem\u00e9ny ind\u00edtotta el, hogy ezen megv\u00e1ltoztathat.<\/p>\n\n\n\n<p>Ahogy \u00edrta: \u201eAz embereknek fel kell \u00e9bredni\u00fck. El kell kezdeni v\u00e9gre figyelni.\u201d Saj\u00e1t munk\u00e1ja sor\u00e1n azonban arra is r\u00e1d\u00f6bbent, hogy \u201eaz elker\u00fclhetetlen katasztr\u00f3f\u00e1kkal riogat\u00f3 narrat\u00edv\u00e1k t\u00f6bbet \u00e1rtanak, mint haszn\u00e1lnak\u201d. Ez azut\u00e1n arra vezette, hogy \u201e\u00fajra-keretezze\u201d az \u00e1tlagember vil\u00e1gk\u00e9p\u00e9t. Az el\u00e9rt eredm\u00e9nyek bemutat\u00e1s\u00e1val azt k\u00edv\u00e1nta bizony\u00edtani mindenki sz\u00e1m\u00e1ra: \u201emeg tudjuk csin\u00e1lni\u201d. Ehhez azonban a vak optimizmus helyett &#8211; ami t\u00f6bbnyire arra hagyatkozik, hogy a dolgok v\u00e9g\u00fcl magukt\u00f3l jobbra fordulnak \u2013 k\u00f6z\u00f6ss\u00e9gi \u00f6sszefog\u00e1s kell, amelynek keret\u00e9ben az emberek egym\u00e1st t\u00e1mogatva d\u00f6ntenek az alkalmazkod\u00e1s mellett. A szerz\u0151 a maga el\u00e9 kit\u0171z\u00f6tt c\u00e9lt kiv\u00e1l\u00f3an oldotta meg: megtal\u00e1lta az egyens\u00falyt ak\u00f6z\u00f6tt, hogy bemutatja a glob\u00e1lis probl\u00e9m\u00e1k kisz\u00e1m\u00edthat\u00f3 \u00e9s elker\u00fclhetetlen s\u00falyosbod\u00e1s\u00e1t, ugyanakkor meggy\u0151z\u0151en bizony\u00edtotta azt is, hogy az emberis\u00e9g rendelkezik a megold\u00e1st megalapoz\u00f3 tud\u00e1ssal \u00e9s inform\u00e1ci\u00f3kkal, a v\u00e1ltoz\u00e1st lehet\u0151v\u00e9 tev\u0151 eszk\u00f6z\u00f6kkel \u00e9s forr\u00e1sokkal.<\/p>\n\n\n\n<p>Mindezt, azzal tette meggy\u0151z\u0151v\u00e9, hogy bemutatta: azokon a ter\u00fcleteken, ahol a t\u00e1rsadalmak megtett\u00e9k, az elker\u00fclhetetlen l\u00e9p\u00e9seket, ott k\u00e9pesek voltak elh\u00e1r\u00edtani, a kor\u00e1bban elh\u00e1r\u00edthatatlannak t\u0171n\u0151 probl\u00e9m\u00e1ikat. Ek\u00f6zben azonban folyamatosan arra figyelmezteti olvas\u00f3it: ezek megold\u00e1s\u00e1t az tette olyan neh\u00e9zz\u00e9, mert &#8211; el\u00e9rve f\u00f6ld\u00fcnk \u201ehat\u00e1rait\u201d &#8211; az emberis\u00e9g sz\u00e1m\u00e1ra elker\u00fclhetetlen, hogy a fenntarthat\u00f3 \u00e9letm\u00f3dot alak\u00edtson ki. Ez azonban azzal j\u00e1r, hogy az egy\u00e9nek, a v\u00e1llalatok, a k\u00f6z\u00f6ss\u00e9gek \u00e9s a civiliz\u00e1ci\u00f3k egym\u00e1shoz \u00e9s a term\u00e9szethez val\u00f3 viszonyuk alapvet\u0151 \u00fajra-rendez\u00e9s\u00e9re k\u00e9nyszer\u00fclnek. Ebben az a legnehezebb, hogy egyszerre kell \u201e\u00fagy tenni a dolgunkat, hogy azzal ne k\u00e1ros\u00edtsuk a holnap k\u00f6rnyezet\u00e9t\u201d, ugyanakkor nem t\u00e9veszthetj\u00fck szem el\u0151l, hogy \u201eegy olyan vil\u00e1g, nem lehet fenntarthat\u00f3, amelyben l\u00e9pten-nyomon az elker\u00fclhet\u0151 szenved\u00e9s jeleibe botlunk.\u201d<\/p>\n\n\n\n<p>A fenntarthat\u00f3s\u00e1g k\u00f6vetelm\u00e9nye, szinte a kezdetekt\u0151l, megjelent az ember vil\u00e1g\u00e1ban. A k\u00f6nyv id\u00e9zi az amerikai \u0151slakosok \u00e9letelv\u00e9t: \u201eCsak azt vedd el, amire sz\u00fcks\u00e9ged van, a f\u00f6ldet hagyd \u00fagy, ahogy tal\u00e1ltad\u201d, valamint a r\u00e9gi kenyaiak tan\u00e1cs\u00e1t: \u201eB\u00e1nj j\u00f3l a F\u00f6lddel, nem a sz\u00fcleid adt\u00e1k neked, hanem gyerekeidt\u0151l kaptad k\u00f6lcs\u00f6n\u201d. \u00c1m, az ember \u00e1ltal teremtett vil\u00e1g &#8211; mint t\u00f6bbnyire k\u00e9s\u0151bb kider\u00fclt &#8211; val\u00f3j\u00e1ban soha nem volt fenntarthat\u00f3. A legt\u00f6bb t\u00e1rsadalom azonban &#8211; bele\u00e9rtve m\u00e9g a magasan k\u00e9pzett \u00e9s fontos poz\u00edci\u00f3kat bet\u00f6lt\u0151 szakemberek is &#8211; a val\u00f3s\u00e1gos helyzettel soha nem volt tiszt\u00e1ban. Ez\u00e9rt t\u0171zte ki a szerz\u0151 maga el\u00e9 a c\u00e9lt: sorba veszi a glob\u00e1lis k\u00f6rnyezet \u00e1llapot\u00e1nak meghat\u00e1roz\u00f3 ter\u00fcleteket \u00e9s a helyzetet &#8211; a tudom\u00e1nyok \u00e1ltal ellen\u0151rz\u00f6tt t\u00e9nyekre alapozva &#8211; az \u00e1tlagember sz\u00e1m\u00e1ra is \u00e9rthet\u0151 m\u00f3don bemutatja.<\/p>\n\n\n\n<p>Elindul\u00e1s el\u0151tt azonban &#8211; az els\u0151 fejezet v\u00e9g\u00e9n &#8211; a szerz\u0151 m\u00e9g felvet k\u00e9t \u00e9rdekes k\u00e9rd\u00e9st, amelyek szinte mindig felmer\u00fclnek az \u00e1tlagemberekben \u00e9s befoly\u00e1solj\u00e1k elv\u00e1r\u00e1saikat. Az egyik: a glob\u00e1lis n\u00e9pess\u00e9g alapvet\u0151 \u00e1trendez\u0151d\u00e9se, amely a fejlett \u00e9s a felt\u00f6rekv\u0151 vil\u00e1g demogr\u00e1fiai visszaszorul\u00e1s\u00e1t mutatja. Ennek \u00e9rz\u00e9keltet\u00e9s\u00e9re egy ENSZ statisztika adat\u00e1t id\u00e9zi: \u201e2017-ben \u00e9lt a bolyg\u00f3nkon a legt\u00f6bb gyermek az\u00f3ta egyre alacsonyabb ez a sz\u00e1m\u201d. A m\u00e1sik: a j\u00f6v\u0151t alapvet\u0151en befoly\u00e1sol\u00f3 \u00e9s \u00e9les \u2013 filoz\u00f3fiai \u00e9s politikai &#8211; vit\u00e1kat kiv\u00e1lt\u00f3 hat\u00e1s: az un. nemn\u00f6veked\u00e9s\u201d \u00e9rv\u00e9nyes\u00fcl\u00e9se. Ezekb\u0151l vonja le a k\u00f6vetkeztet\u00e9st: a fenntarthat\u00f3s\u00e1g probl\u00e9m\u00e1j\u00e1nak megold\u00e1s\u00e1hoz nem elegend\u0151 puszt\u00e1n az, ha a fejlettek \u201evisszafogj\u00e1k magukat\u201d \u00e9s cs\u00f6kkentik a vil\u00e1got terhel\u0151 fogyaszt\u00e1sukat. A jelenleg \u00e9rv\u00e9nyes\u00fcl\u0151 viszonyok mellett ez puszt\u00e1n azzal j\u00e1r, hogy \u201eezek az orsz\u00e1gok egyre jobban meggazdagodnak.\u201d Ez\u00e9rt, a szerz\u0151 szerint \u2013 \u00e9s ezzel e sorok \u00edr\u00f3ja is egyet\u00e9rt \u2013 a probl\u00e9m\u00e1k rendez\u00e9s\u00e9hez puszt\u00e1n a \u201enemn\u00f6veked\u00e9s\u201d \u00e1llapota kev\u00e9s. A fentarthat\u00f3s\u00e1got csup\u00e1n a f\u00f6ld valamennyi lak\u00f3ja jelenlegi \u00e9letm\u00f3dj\u00e1nak alapvet\u0151 m\u00f3dos\u00edt\u00e1sa teszi lehet\u0151v\u00e9, ami gy\u00f6keresen elt\u00e9r\u0151 v\u00e1ltoz\u00e1st t\u00e9telez fel a gazdagok \u00e9s a szeg\u00e9nyek vil\u00e1g\u00e1ban.&nbsp;&nbsp;<\/p>\n\n\n\n<p>Az els\u0151 fejezet a fenntarthat\u00f3s\u00e1g elm\u00falt f\u00e9l \u00e9vsz\u00e1zad ellentmond\u00e1sos eredm\u00e9nyeit foglalja \u00f6ssze. Egyr\u00e9szt bemutatja a b\u00edztat\u00f3 eredm\u00e9nyeket, amelyek \u00e9rz\u00e9keltetik, hogy milyen jelent\u0151s el\u0151rehalad\u00e1st \u00e9rt el az eg\u00e9sz vil\u00e1g, a gyerekhaland\u00f3s\u00e1g, az anyai hal\u00e1loz\u00e1s, a v\u00e1rhat\u00f3 \u00e9lettartam, az \u00e9hez\u00e9s \u00e9s alult\u00e1pl\u00e1lts\u00e1g, az \u00e9lethez sz\u00fcks\u00e9ges alapvet\u0151 forr\u00e1sokhoz \u2013 v\u00edz, higi\u00e9nia, energia &#8211; val\u00f3 hozz\u00e1jut\u00e1s, az oktat\u00e1s \u00e9s a m\u00e9lyszeg\u00e9nys\u00e9g probl\u00e9m\u00e1inak megold\u00e1s\u00e1ban. M\u00e1sr\u00e9szt, r\u00e1mutat, hogy egy sor m\u00e1s fontos ter\u00fcleten \u2013 mint a leveg\u0151szennyez\u00e9s, kl\u00edmav\u00e1ltoz\u00e1s, erd\u0151\u00edrt\u00e1s, \u00e9lelemz\u00e9s, a biodiverzit\u00e1s cs\u00f6kken\u00e9se, a m\u0171anyagszennyez\u00e9s hat\u00e1sa az \u00f3ce\u00e1nokra \u00e9s a t\u00falhal\u00e1szat &#8211; \u201eegy\u00e9rtelm\u0171 visszaes\u00e9st l\u00e1tunk\u201d. A k\u00f6nyv tov\u00e1bbi fejezetei ez\u00e9rt sorba veszik \u00e9s &#8211; a leg\u00fajabb vizsg\u00e1latok eredm\u00e9nyeire t\u00e1maszkodva &#8211; r\u00e9szletesen elemzik a felsorolt ter\u00fcletek probl\u00e9m\u00e1it.<\/p>\n\n\n\n<p>A k\u00f6nyv bemutatja a fenntarthat\u00f3s\u00e1got befoly\u00e1sol\u00f3 k\u00f6r\u00fclm\u00e9nyek kialakul\u00e1s\u00e1t, a helyzet s\u00falyosbod\u00e1s\u00e1t el\u0151id\u00e9z\u0151 v\u00e1ltoz\u00e1sokat, a rem\u00e9lt megold\u00e1sok alkalmaz\u00e1sa el\u0151id\u00e9zte halad\u00e1st. Szembes\u00edt azzal, hogy a sok pr\u00f3b\u00e1lkoz\u00e1s ellen\u00e9re, a zavarok m\u00e9gis sokasodnak. Ennek magyar\u00e1zata \u2013 ami az egyes probl\u00e9mak\u00f6r\u00f6k t\u00e1rgyal\u00e1sa sor\u00e1n az olvas\u00f3 el\u0151tt is vil\u00e1goss\u00e1 v\u00e1lik &#8211; hogy a k\u00fcl\u00f6nb\u00f6z\u0151 probl\u00e9m\u00e1k, folyamatok, \u00e9s egym\u00e1st\u00f3l f\u00fcggetlennek t\u0171n\u0151 ter\u00fcletek egyre ink\u00e1bb \u00f6sszekapcsol\u00f3dnak \u00e9s elv\u00e1laszthatatlanul egybefon\u00f3dnak. Emiatt egyik sem oldhat\u00f3 meg a t\u00f6bbit\u0151l elszigetelten, r\u00e1ad\u00e1sul j\u00f6v\u0151beli alakul\u00e1suk mind nehezebben jelezhet\u0151 el\u0151re, \u00edgy v\u00e1ratlanul kirobban\u00f3 kr\u00edziseket v\u00e1lthatnak ki. A helyzet meg\u00e9rt\u00e9s\u00e9t m\u00e1r \u00f6nmag\u00e1ban az neh\u00e9zz\u00e9 teszi, hogy a v\u00e1ls\u00e1gok kezel\u00e9s\u00e9vel elt\u00e9r\u0151 tudom\u00e1nyter\u00fcletek foglalkoznak. \u00cdgy, nem puszt\u00e1n a k\u00fcl\u00f6nb\u00f6z\u0151 t\u00e9rs\u00e9gek, v\u00e1llalatok \u00e9s nemzetek elt\u00e9r\u0151 \u00e9rdekei akad\u00e1lyozz\u00e1k a megold\u00e1st megtal\u00e1l\u00e1s\u00e1t, hanem a k\u00fcl\u00f6nb\u00f6z\u0151 tudom\u00e1nyter\u00fcletek \u2013 a k\u00f6zgazdas\u00e1gtan, a szociol\u00f3gia, a jogrendszer, a k\u00e9mia vagy \u00e9ppen a fizika &#8211; modelljeinek \u00e9s fogalomrendszereinek k\u00fcl\u00f6nb\u00f6z\u0151s\u00e9ge.<\/p>\n\n\n\n<p>A szerz\u0151, a k\u00f6nyv v\u00e9g\u00e9n mintegy 17 oldalnyi szakirodalmi hivatkoz\u00e1st is k\u00f6zread, felk\u00edn\u00e1lva, hogy az olvas\u00f3 \u2013 ha ig\u00e9nyli &#8211; megn\u00e9zheti \u00e9s ellen\u0151rizheti az \u00e9rvel\u00e9shez felhaszn\u00e1lt t\u00e9nyek bizony\u00edtotts\u00e1g\u00e1t. Ugyanakkor, ebben a tudom\u00e1nyos publik\u00e1ci\u00f3kra eml\u00e9keztet\u0151 form\u00e1ban, a k\u00f6nyv n\u00e9h\u00e1ny \u00f6tletes megold\u00e1ssal tartja fenn az olvas\u00f3 \u00e9rdekl\u0151d\u00e9s\u00e9t. J\u00f3l szolg\u00e1lja ezt a c\u00e9lt, a fejezetek &#8211; figyelem felkelt\u0151 &#8211; ind\u00edt\u00f3 mott\u00f3ja. A leveg\u0151szennyez\u00e9sr\u0151l sz\u00f3l\u00f3 2. fejezet \u201efelvezet\u0151je\u201d: \u201eIlyen Peking leveg\u0151apokalipszise bel\u00fclr\u0151l \u2013 bemutatjuk a v\u00e1rost, amelyet szinte \u2019\u00e9lhetetlenn\u00e9 tett\u2019 a l\u00e9gszennyez\u00e9s (2014). Majd a t\u00e9ma kifejt\u00e9se sor\u00e1n megeml\u00edti, hogy 14 \u00e9v m\u00falva &#8211; a 2022-es t\u00e9li olimpia idej\u00e9n &#8211; a helyzet m\u00e1r rengeteget javult, \u00e9s Peking kapcs\u00e1n \u201ek\u00e9k \u00e9gboltr\u00f3l \u00e9s a szmogmentes leveg\u0151r\u0151l\u201d cikkeztek. Az \u00f3ce\u00e1nok t\u00falhal\u00e1szat\u00e1val foglalkoz\u00f3 8. fejezet, azzal ind\u00edt: \u201e2048-ra gyakorlatilag ki\u00fcr\u00fclnek az \u00f3ce\u00e1njaink\u201d. A szerz\u0151 \u2013 mik\u00f6zben bevallja, meg\u00e9rti, hogy m\u00e9g a tudom\u00e1nyos cikkekben is haszn\u00e1latos az eff\u00e9le \u201ekeretez\u00e9s\u201d &#8211; m\u00e9gis \u00fagy l\u00e1tja: a region\u00e1lis probl\u00e9m\u00e1k ellen\u00e9re glob\u00e1lisan eg\u00e9sz\u00e9ben nem tapasztalhat\u00f3 \u00f6sszeoml\u00e1s.<\/p>\n\n\n\n<p>A k\u00f6rnyezet-\u00e1llapota t\u00e9mak\u00f6r legnagyobb gondja, hogy a politika r\u00e1telepszik \u00e9s \u201er\u00e1ngat\u00f3\u201d \u00fczemm\u00f3dban befoly\u00e1solja a m\u00e9di\u00e1t. Ez\u00e1ltal, szerte a vil\u00e1gon, az \u00e1tlagpolg\u00e1rok sz\u00e9ls\u0151s\u00e9gesen polariz\u00e1lt \u00e9s egym\u00e1ssal kib\u00e9k\u00edthetetlen v\u00e9lem\u00e9nyekkel szembes\u00fclnek. Ennek sor\u00e1n egyidej\u0171leg kapnak olyan \u00fczenetet, hogy a \u201enincs itt semmi baj\u201d, illetve azt, hogy azonnal a \u201ev\u00e9szf\u00e9kre\u201d kell l\u00e9pni. R\u00e1ad\u00e1sul a politikusok &#8211; a v\u00e1laszt\u00f3k \u201ek\u00e9zben tart\u00e1s\u00e1ra\u201d \u2013 az egy\u00fcttm\u0171k\u00f6d\u00e9s helyett ellens\u00e9geket gener\u00e1lnak, ami t\u00f6bbnyire lehetetlenn\u00e9 teszi az \u00e9rtelmes p\u00e1rbesz\u00e9det. Csak egy p\u00e9lda sok k\u00f6z\u00fcl: \u201eegy \u00e1zsiai korm\u00e1ny 2021-ben v\u00e1ratlanul betiltotta a m\u0171tr\u00e1gya importj\u00e1t, hogy az organikus gazd\u00e1lkod\u00e1sra t\u00e9rjenek \u00e1t. A k\u00f6vetkezm\u00e9nyek katasztrof\u00e1lisak lettek\u201d, hiszen cs\u00f6kkentek a termel\u00e9shozamok. \u00c1m a probl\u00e9m\u00e1k megold\u00e1s\u00e1t az is h\u00e1tr\u00e1ltatja, hogy t\u00f6bbnyire azok kapnak t\u00e1mogat\u00e1st, akik \u201et\u00f6rdelik a kez\u00fcket \u00e9s panaszkodnak\u201d. A szerz\u0151 nem is titkolja n\u00e9zet\u00e9t: \u201esokkal t\u00f6bbre tartom, hogy vannak, akik t\u00e9nyleg pr\u00f3b\u00e1lnak tenni valamit.\u201d<\/p>\n\n\n\n<p>Hadd fejezzem be azzal: valamennyi gener\u00e1ci\u00f3nak aj\u00e1nlom a k\u00f6nyvet. Mindenki sz\u00e1m\u00e1ra k\u00edn\u00e1l megfontoland\u00f3 ismeretet \u00e9s er\u0151s\u00edtheti k\u00e9sztet\u00e9st eddigi viselked\u00e9s\u00e9nek megv\u00e1ltoztat\u00e1s\u00e1ra. Az id\u0151seket szembes\u00edti eddigi \u00e9letm\u00f3djukkal \u00e9s ebb\u0151l fakad\u00f3 felel\u0151ss\u00e9g\u00fckkel: milyen vil\u00e1got hagynak \u00f6r\u00f6k\u00fcl ut\u00f3djaiknak. A feln\u0151tt nemzed\u00e9keket munk\u00e1jukra \u00e9s \u00e9letvitel\u00fckre eml\u00e9keztetve v\u00e1laszt\u00e1s el\u00e9 \u00e1ll\u00edthatja: hogyan \u00e9ljenek a j\u00f6v\u0151ben, hogy gyermekeik sz\u00e1m\u00e1ra min\u00e9l jobb \u00e1llapotban lev\u0151 f\u00f6ldet hagyjanak. A fiatalokat pedig elgondolkoztathatja: a sz\u00e1mukra automatikusan ad\u00f3d\u00f3 \u00e9letforma, vajon hossz\u00fa t\u00e1von fenntarthat\u00f3 j\u00f6v\u0151t k\u00edn\u00e1l-e, \u00e9s ha r\u00e1\u00e9brednek, hogy nem, akkor most, &#8211; amikor m\u00e9g az viszonylag k\u00f6nnyen megtehet\u0151 \u2013 v\u00e1lasszanak egy fenntarthat\u00f3bbat.&nbsp;<\/p>\n","protected":false},"excerpt":{"rendered":"<p>Hadd kezdjem a legfontosabbal: ez a k\u00f6nyv &#8211; Hannah Ritchie alkot\u00e1sa &#8211; nagyon j\u00f3 \u00e9s mindenkinek, akinek fontos gyermekei sorsa, \u00e9s az emberis\u00e9g j\u00f6v\u0151je szinte k\u00f6telez\u0151 olvasm\u00e1ny. Konkr\u00e9t t\u00e9nyeket felsorakoztatva, azokat rendszerbe foglalva, j\u00f3 st\u00edlusban \u00e9s meggy\u0151z\u0151 \u00e9rvel\u00e9ssel sz\u00f3l, a mindannyiunk sz\u00e1m\u00e1ra \u2013 t\u00falz\u00e1s n\u00e9lk\u00fcl \u2013 \u00e9letbev\u00e1g\u00f3 t\u00e9m\u00e1r\u00f3l, a glob\u00e1lis k\u00f6rnyezet \u00e1llapot\u00e1r\u00f3l \u00e9s az azt [&hellip;]<\/p>\n","protected":false},"author":1,"featured_media":0,"comment_status":"open","ping_status":"open","sticky":false,"template":"","format":"standard","meta":{"footnotes":""},"categories":[1],"tags":[],"_links":{"self":[{"href":"http:\/\/blog.marosan.com\/index.php?rest_route=\/wp\/v2\/posts\/2153"}],"collection":[{"href":"http:\/\/blog.marosan.com\/index.php?rest_route=\/wp\/v2\/posts"}],"about":[{"href":"http:\/\/blog.marosan.com\/index.php?rest_route=\/wp\/v2\/types\/post"}],"author":[{"embeddable":true,"href":"http:\/\/blog.marosan.com\/index.php?rest_route=\/wp\/v2\/users\/1"}],"replies":[{"embeddable":true,"href":"http:\/\/blog.marosan.com\/index.php?rest_route=%2Fwp%2Fv2%2Fcomments&post=2153"}],"version-history":[{"count":1,"href":"http:\/\/blog.marosan.com\/index.php?rest_route=\/wp\/v2\/posts\/2153\/revisions"}],"predecessor-version":[{"id":2154,"href":"http:\/\/blog.marosan.com\/index.php?rest_route=\/wp\/v2\/posts\/2153\/revisions\/2154"}],"wp:attachment":[{"href":"http:\/\/blog.marosan.com\/index.php?rest_route=%2Fwp%2Fv2%2Fmedia&parent=2153"}],"wp:term":[{"taxonomy":"category","embeddable":true,"href":"http:\/\/blog.marosan.com\/index.php?rest_route=%2Fwp%2Fv2%2Fcategories&post=2153"},{"taxonomy":"post_tag","embeddable":true,"href":"http:\/\/blog.marosan.com\/index.php?rest_route=%2Fwp%2Fv2%2Ftags&post=2153"}],"curies":[{"name":"wp","href":"https:\/\/api.w.org\/{rel}","templated":true}]}}