{"id":2178,"date":"2026-01-04T09:10:24","date_gmt":"2026-01-04T09:10:24","guid":{"rendered":"http:\/\/blog.marosan.com\/?p=2178"},"modified":"2026-01-04T09:10:24","modified_gmt":"2026-01-04T09:10:24","slug":"van-e-meg-esely-a-soft-landingre","status":"publish","type":"post","link":"http:\/\/blog.marosan.com\/?p=2178","title":{"rendered":"Van-e m\u00e9g es\u00e9ly a \u201esoft landingre\u201d?"},"content":{"rendered":"\n<p>A 2024 v\u00e9g\u00e9n megjelent \u00edr\u00e1somban, a 2025-\u00f6s \u00e9vet a <em>fordulat \u00e9vek\u00e9nt<\/em> \u201ekonfer\u00e1ltam be\u201d. A term\u00e9szeti k\u00f6rnyezet, a vil\u00e1ggazdas\u00e1g \u00e9s a glob\u00e1lis politika \u00e1llapot\u00e1nak fokoz\u00f3d\u00f3 zavarai, valamint a mesters\u00e9ges intelligencia t\u00e9rnyer\u00e9se ugyanis egybehangz\u00f3an gy\u00f6keres fordulatra utalt. A 2025-\u00f6s \u00e9v eddigi t\u00f6rt\u00e9nelm\u00fcnk egyik legmelegebb \u00e9ve lesz, b\u00e1r valamivel elmarad a legforr\u00f3bb 2024-es \u00e9vt\u0151l. Ezzel egy\u00fctt, az emberi t\u00f6rt\u00e9nelem legforr\u00f3bb \u00e9veit az elm\u00falt \u00e9vtizedben \u00e9let\u00fck \u00e1t! Egy \u00e9vtizede, a P\u00e1rizsi \u00c9ghajlatv\u00e1ltoz\u00e1si Tan\u00e1cskoz\u00e1son r\u00e9sztvev\u0151 orsz\u00e1gok v\u00e1llalt\u00e1k: mindent megtesznek, hogy a felmeleged\u00e9s ne haladja meg az 1.5 \u00b0C fokot. 2025 v\u00e9g\u00e9n azonban kider\u00fclt: t\u00f6bbs\u00e9g\u00fck nem teljes\u00edtette \u00edg\u00e9ret\u00e9t. A k\u00f6vetkezm\u00e9ny: 2023-2025 h\u00e1rom-\u00e9ves \u00e1tlaga el\u0151sz\u00f6r haladja meg az 1,5 \u00b0C fokot, ami visszaford\u00edthatatlan v\u00e1ltoz\u00e1sokat ind\u00edtott el a F\u00f6ld\u00f6n. Mindek\u00f6zben az \u00fczleti vil\u00e1got, alapjaiban rend\u00edti meg a technol\u00f3giai \u201ekorszakv\u00e1lt\u00e1s\u201d, valamint az energetikai \u00e9s a glob\u00e1lis gazdas\u00e1gi egy\u00fcttm\u0171k\u00f6d\u00e9s n\u00f6vekv\u0151 zavarai. Ezzel egyidej\u0171leg a vil\u00e1gpolitik\u00e1ban &#8211; sokak megfogalmaz\u00e1sa szerint \u2013 <em>tektonikus <\/em>v\u00e1ltoz\u00e1sok zajlanak, ami alapjaiban ingatja meg a glob\u00e1lis rendszer, egy\u00e9bk\u00e9nt is billen\u00e9keny egyens\u00faly\u00e1t.<\/p>\n\n\n\n<p>Mintha kifordult volna a vil\u00e1g a sarkaib\u00f3l: minden bizonytalann\u00e1 v\u00e1lik \u00e9s egyre kevesebb az eligazod\u00e1st seg\u00edt\u0151, \u00e1ltal\u00e1nosan elfogadott szab\u00e1ly. Az esem\u00e9nyek \u00e1ttekinthetetlen k\u00e1osza sokakban id\u00e9z el\u0151 n\u00f6vekv\u0151 szorong\u00e1st, de m\u00e9g t\u00f6bbekb\u0151l a belet\u00f6r\u0151d\u00e9s attit\u0171dj\u00e9t v\u00e1ltja ki. 2026 \u2013 ennek t\u00fckr\u00e9ben &#8211; a realit\u00e1sokra val\u00f3 r\u00e1d\u00f6bben\u00e9s \u00e9ve lesz. Az elm\u00falt \u00e9vtizedben a legk\u00fcl\u00f6nb\u00f6z\u0151bb folyamatok menet\u00e9ben bek\u00f6vetkez\u0151, alapvet\u0151 v\u00e1ltoz\u00e1sokat t\u00f6bbnyire az un. billen\u00e9si pont fogalm\u00e1val \u00edrtuk le. Ezt a kifejez\u00e9st, Malcolm Gladwell, a v\u00e1ltoz\u00e1sok folyamat\u00e1t elemz\u0151 k\u00f6nyve \u2013 Fordul\u00f3pont. HVG. 2020 \u2013 tette n\u00e9pszer\u0171v\u00e9. Az \u00edr\u00e1s alc\u00edme &#8211; <em>Ahol a kis k\u00fcl\u00f6nbs\u00e9gekb\u0151l nagy v\u00e1ltoz\u00e1s lesz<\/em> \u2013 m\u00e9g ink\u00e1bb a fejl\u0151d\u00e9snek arra a jellegzetes pillanat\u00e1ra ir\u00e1ny\u00edtja a figyelmet, amikor egy r\u00e9g\u00f3ta j\u00f3l ismert jelens\u00e9g menet\u00e9ben \u2013 nem v\u00e1rt m\u00f3don \u2013 alapvet\u0151 fordulat t\u00f6rt\u00e9nik. &nbsp;<\/p>\n\n\n\n<p>A t\u00e1rsadalom, a gazdas\u00e1g \u00e9s a technika fejl\u0151d\u00e9se a 19. sz\u00e1zad elej\u00e9n \u201ev\u00e1ltott\u201d sebess\u00e9get. A v\u00e1ltoz\u00e1sok \u00fcteme a 20. sz\u00e1zadban tov\u00e1bb gyorsult, majd a 21. sz\u00e1zadba \u00e1tl\u00e9pve, kor\u00e1bban elk\u00e9pzelhetetlen sebess\u00e9gre kapcsolt. Ennek k\u00f6vetkezm\u00e9nye, hogy az egy\u00e9nek, a t\u00e1rsadalmak \u00e9s az eg\u00e9sz emberis\u00e9g is egyre gyakrabban szembes\u00fclt &#8211; a rendelkez\u00e9s\u00e9re \u00e1ll\u00f3 eszk\u00f6z\u00f6kkel \u00e9s szeml\u00e9lettel &#8211; megoldhatatlannak t\u0171n\u0151 probl\u00e9m\u00e1kkal. Az esem\u00e9nyek kaotikus forgatag\u00e1ban szinte lehetetlennek l\u00e1tszik megtal\u00e1lni az optim\u00e1lis &#8211; vagy legal\u00e1bb elviselhet\u0151 &#8211; j\u00f6v\u0151be vezet\u0151 utat. A gyorsul\u00f3 \u00e9s egyre kisz\u00e1m\u00edthatatlanabb v\u00e1ltoz\u00e1sok hat\u00e1s\u00e1ra alapvet\u0151en m\u00f3dos\u00edtani k\u00e9nyszer\u00fclt\u00fcnk azt, ahogyan a j\u00f6v\u0151t szeml\u00e9lj\u00fck. Sok\u00e1ig, W. Churchill tan\u00e1csa &#8211; \u201e<em>Min\u00e9l messzebb tekintesz vissza a m\u00faltba, ann\u00e1l tov\u00e1bb l\u00e1tsz el\u0151re a j\u00f6v\u0151be\u201d<\/em> \u2013 vez\u00e9relte igyekezet\u00fcnket, hogy felder\u00edts\u00fck a j\u00f6v\u0151, t\u00f6bbnyire hom\u00e1lyos k\u00f6rvonalait. Vagyis, term\u00e9szetesnek vett\u00fck, hogy a m\u00falt \u201enyomvonal\u00e1t\u201d k\u00f6vetve tal\u00e1ljuk meg a j\u00f6v\u0151be vezet\u0151 utat.<\/p>\n\n\n\n<p>Ahogyan azonban a t\u00f6rt\u00e9nelem magasabb sebess\u00e9gi fokozatba kapcsolt, ez az tan\u00e1cs el\u00e9gtelennek bizonyult. Hi\u00e1ba ismert\u00fck meg m\u00faltunkat, a feldereng\u0151 j\u00f6v\u0151 m\u00e9gis egyre hom\u00e1lyosabb lett. Ebben a helyzetben Kierkegaard mond\u00e1s\u00e1val nyugtatgattuk magukat: <em>\u201eAz \u00e9let csak visszafel\u00e9 tekintve \u00e9rthet\u0151 meg, de \u00e9lni csak el\u0151re n\u00e9zve lehet\u201d<\/em>. Az elm\u00falt \u00e9vtizedben azonban v\u00e9gk\u00e9pp nyilv\u00e1nval\u00f3v\u00e1 v\u00e1lt: gy\u00f6keres v\u00e1ltoz\u00e1s idej\u00e9n \u00e9rv\u00e9ny\u00e9t veszti az a v\u00e1rakoz\u00e1s, hogy a m\u00falt trendjei a j\u00f6v\u0151ben is folytat\u00f3dnak. Amikor a t\u00f6rt\u00e9nelem \u201ekiz\u00f6kken\u201d megszokott p\u00e1ly\u00e1j\u00e1r\u00f3l, \u00e9szrevessz\u00fck, hogy hirtelen a j\u00f6v\u0151nek t\u00f6bb, elt\u00e9r\u0151 ir\u00e1nyba fordul\u00f3 \u201ev\u00e1g\u00e1nya\u201d t\u00e1rul el\u00e9nk. M\u00e1r annak is \u00f6r\u00fclhett\u00fcnk, ha mindezt nem katasztr\u00f3f\u00e1kra vezet\u0151 \u201ekisikl\u00e1sk\u00e9nt\u201d, hanem a politika kisz\u00e1m\u00edthatatlan \u201ev\u00e1lt\u00f3 kezel\u0151i\u201d \u00e1ltal el\u0151id\u00e9zett t\u00f6rt\u00e9nelmi \u201evakv\u00e1g\u00e1nyk\u00e9nt\u201d \u00e9lj\u00fck \u00e1t.<\/p>\n\n\n\n<p>\u201eSorsford\u00edt\u00f3\u201d v\u00e1lt\u00f3khoz \u00e9rkezve mindig alapvet\u0151en m\u00f3dos\u00edtanunk kell, ahogyan a j\u00f6v\u0151t szeml\u00e9lj\u00fck. Erre figyelmeztet az angol t\u00f6rt\u00e9n\u00e9sz \u2013 H. Trevor-Roper &#8211; mond\u00e1sa: <em>\u201eA j\u00f6v\u0151 nem az, ami bek\u00f6vetkezett, hanem az, ami t\u00f6rt\u00e9nt, annak t\u00fckr\u00e9ben, ami t\u00f6rt\u00e9nhetett volna\u201d.<\/em> Vagyis, amikor a nehezen kisz\u00e1m\u00edthat\u00f3 v\u00e1ltoz\u00e1sokra reag\u00e1lunk, elker\u00fclhetetlen\u00fcl sz\u00e1m\u00edt\u00e1sba kell venn\u00fcnk: a mindenkori jelenb\u0151l, t\u00f6bb, egym\u00e1st\u00f3l elt\u00e9r\u0151 perspekt\u00edv\u00e1t \u00edg\u00e9r\u0151 \u201ej\u00f6v\u0151-sz\u00e1l\u201d indul el a maga p\u00e1ly\u00e1j\u00e1n. A t\u00f6rt\u00e9nelmi v\u00e1ltoz\u00e1sokhoz val\u00f3 alkalmazkod\u00e1s k\u00e9nyszere sok\u00e1ig m\u00e9gsem t\u0171nt fel \u2013 a mindennapok probl\u00e9m\u00e1ival k\u00fcszk\u00f6d\u0151 &#8211; <em>kort\u00e1rsaknak<\/em>. A v\u00e1ltoz\u00e1sok k\u00f6vetkezm\u00e9nyei ugyanis \u2013 a fokozatos gyorsul\u00e1s ellen\u00e9re \u2013 messze t\u00falny\u00faltak egy egy\u00e9n \u00e9let\u00e9n.<\/p>\n\n\n\n<p>A mez\u0151gazdas\u00e1gra val\u00f3 \u00e1tt\u00e9r\u00e9s t\u00f6rt\u00e9nelmi fordulata 3-4 ezer \u00e9vig is elh\u00faz\u00f3dott, \u00e9s m\u00e9g a mez\u0151gazdas\u00e1gi termel\u00e9s \u2013 forradalmi v\u00e1ltoz\u00e1sokat el\u0151id\u00e9z\u0151 &#8211; \u201eiparszer\u0171v\u00e9\u201d v\u00e1l\u00e1sa is soksz\u00e1z \u00e9vig eltartott. A t\u00e1rsadalom szerkezet\u00e9t \u00e9s az emberi viszonyokat alapvet\u0151en \u00e1tform\u00e1l\u00f3 ipari forradalom &#8211; felbolygatva az eg\u00e9sz t\u00e1rsadalom \u00e9s az egy\u00fctt \u00e9l\u0151 gener\u00e1ci\u00f3k alkotta csal\u00e1dok \u00e9let\u00e9t &#8211; m\u00e9g mindig legal\u00e1bb 150 \u00e9vet vett ig\u00e9nybe. Az elektromoss\u00e1g elterjed\u00e9se el\u0151id\u00e9zte &#8211; a gazdas\u00e1g \u00e9s a mindennapi \u00e9let alapvet\u0151 \u00fajra-szervez\u00e9s\u00e9t kik\u00e9nyszer\u00edt\u0151 &#8211; v\u00e1ltoz\u00e1s azonban m\u00e1r f\u00e9l \u00e9vsz\u00e1zad, vagyis ak\u00e1r egyetlen gener\u00e1ci\u00f3 alatt v\u00e9gbement. A digitaliz\u00e1ci\u00f3 pedig &#8211; m\u00e9g ezt is fel\u00fclm\u00fal\u00f3 \u00fctemben &#8211; alig k\u00e9t \u00e9vtized alatt, a 20. sz\u00e1zad utols\u00f3 \u00e9s a 21. els\u0151 \u00e9vtizede sor\u00e1n, alapjaiban v\u00e1ltoztatta meg a glob\u00e1lis vil\u00e1gunkat, \u00e9s a fokozatosan 8 milli\u00e1rdra n\u00f6veked\u0151 emberis\u00e9g sors\u00e1t. Azt a rem\u00e9nyt pedig, hogy ez a gyorsul\u00e1s tov\u00e1bb m\u00e1r nem fokoz\u00f3dik, a mesters\u00e9ges intelligencia (MI) t\u00e9rnyer\u00e9se t\u00f6rte meg.<\/p>\n\n\n\n<p>Az MI forradalma &#8211; t\u00f6rt\u00e9nelmileg \u201eegy szempillant\u00e1s alatt\u201d &#8211; gyakorlatilag 2023 \u00e9s 2026 k\u00f6z\u00f6tt ment\/megy v\u00e9gbe. Ez a perspekt\u00edva k\u00edn\u00e1lta kor\u00e1bbi \u00edr\u00e1som c\u00edm\u00e9t: \u201e2025 \u2013 a fordulat \u00e9ve\u201d. A <em>fordulat <\/em>kifejez\u00e9st &#8211; most visszatekintve &#8211; a <em>billen\u00e9si pont<\/em>, k\u00f6zkelet\u0171v\u00e9 v\u00e1lt \u00e9rtelm\u00e9ben haszn\u00e1ltam. Az MI, behatolva az \u00e9let minden ter\u00fclet\u00e9re, alapvet\u0151en \u00e1talak\u00edtja minden ma \u00e9l\u0151 gener\u00e1ci\u00f3 sors\u00e1t. \u00c1t\u00e9lni k\u00e9nyszer\u00fcl\u00fcnk, hogy \u00e9let\u00fcnk kialakult menete, ezt a bizonyos billen\u00e9si pontot el\u00e9rve, majd azt t\u00fall\u00e9pve, gy\u00f6keresen \u00faj ir\u00e1nyt vesz. A lezajlott v\u00e1ltoz\u00e1sok alapj\u00e1n most m\u00e1r meg\u00e1llap\u00edthat\u00f3: 2025-ben val\u00f3s\u00e1gos t\u00f6rt\u00e9nelmi fordulat k\u00f6vetkezett be. Glob\u00e1lis vil\u00e1gunk az elker\u00fclhetetlen k\u00f6vetkezm\u00e9nyek korszak\u00e1ba l\u00e9pett. Az emberis\u00e9g sorsa mostant\u00f3l azon m\u00falik, megtessz\u00fck-e mindazt, amit az el\u0151tt\u00fcnk megny\u00edl\u00f3, j\u00f6v\u0151be vezet\u0151 p\u00e1lya megk\u00f6vetel.<\/p>\n\n\n\n<p>Az elker\u00fclhetetlen teend\u0151k tudom\u00e1sul v\u00e9tel\u00e9t \u00e9s elfogad\u00e1s\u00e1t azonban alapvet\u0151en befoly\u00e1solja, mik\u00e9nt szeml\u00e9lj\u00fck a fokozatosan form\u00e1l\u00f3d\u00f3 folyamatokat. Ha a v\u00e1ltoz\u00e1sokat a billen\u00e9si pont \u201eszem\u00fcveg\u00e9n\u201d kereszt\u00fcl n\u00e9zz\u00fck, az figyelmeztet ugyan &#8211; <em>vigy\u00e1zat, alapvet\u0151 fordulat k\u00f6vetkezett be<\/em> \u2013 de egyben nyugalomra is int: <em>a v\u00e1ltoz\u00e1sok csak fokozatosan k\u00f6vetkeznek be<\/em>. &nbsp;Mik\u00f6zben azt \u00fczeni: <em>mostant\u00f3l megv\u00e1ltozik a vil\u00e1g<\/em>, egyidej\u0171leg azt is sugallja: <em>nyugi, a fordulat fokozatosan zajlik<\/em>! Ez pedig lehet\u0151s\u00e9get k\u00edn\u00e1l az egy\u00e9bk\u00e9nt \u00f6sszezavarodott \u00e9s bizonytalan polg\u00e1rnak, hogy pillanatnyi helyzete alapj\u00e1n d\u00f6ntse el: haboz\u00e1s n\u00e9lk\u00fcl belekezd az alapvet\u0151 v\u00e1ltoz\u00e1sok v\u00e9grehajt\u00e1s\u00e1ba, vagy ink\u00e1bb a fontolgatva halad\u00e1s mellett d\u00f6nt. Az emberis\u00e9g el\u0151tt \u00e1ll\u00f3 igazi k\u00e9rd\u00e9s azonban az: vajon melyik \u00faton biztos\u00edthat\u00f3 az emberis\u00e9g \u201esoft-landingje\u201d a feldereng\u0151 \u00e9s gy\u00f6keres v\u00e1ltoz\u00e1sokkal terhes \u00faj vil\u00e1gban?<\/p>\n\n\n\n<p>Az teh\u00e1t, hogy sikeresen megbirk\u00f3zunk-e az el\u0151tt\u00fcnk \u00e1ll\u00f3 probl\u00e9m\u00e1kkal 2026-ban \u2013 \u00e9s azt k\u00f6vet\u0151en \u2013 l\u00e9nyeg\u00e9ben azon m\u00falik: meg\u00e9rtett\u00fck-e a v\u00e1ltoz\u00e1s s\u00fcrget\u0151 jelleg\u00e9t. Ezt pedig az hat\u00e1rozza meg, helyesen m\u00e9rj\u00fck-e fel a j\u00f6v\u0151 vesz\u00e9lyeit \u00e9s re\u00e1lisan \u00edt\u00e9lj\u00fck-e meg a helyzet fenyeget\u0151 volt\u00e1t? Ett\u0151l f\u00fcgg, mennyire l\u00e1tjuk elker\u00fclhetetlennek az azonnali \u00e9s hat\u00e1rozott reag\u00e1l\u00e1st. \u00c1m, gondoljunk csak bele: milyen sokf\u00e9le probl\u00e9m\u00e1val k\u00fcszk\u00f6d\u00fcnk a mindennapokban: v\u00e1ltoztatni kellene \u00e9letm\u00f3dunkon, \u00fajat tanulva m\u00e1shol, m\u00e1s munkak\u00f6rben elhelyezkedni, t\u00f6bb figyelmet ford\u00edtani gyermekeinkre \u00e9s sz\u00fcleinkre, lak\u00f3helyi k\u00f6z\u00f6ss\u00e9g\u00fcnkkel egy\u00fcttm\u0171k\u00f6dni stb. Ennyi teherrel a \u201eh\u00e1tunkon\u201d, ha azt halljuk, hogy a vil\u00e1g gondjainak megold\u00e1s\u00e1val bajl\u00f3d\u00f3 politikusok azt \u00fczenik nek\u00fcnk, <em>nyugi, van m\u00e9g id\u0151<\/em>, akkor, ha nem is nyugodtan, de h\u00e1tra d\u0151l\u00fcnk. R\u00e1ad\u00e1sul r\u00f6gt\u00f6n esz\u00fcnkbe jut, hogy minden v\u00e1ltoztat\u00e1s el\u0151sz\u00f6r m\u00e9g tov\u00e1bb nehez\u00edti az egy\u00e9bk\u00e9nt is nyomaszt\u00f3 helyzet\u00fcnket. Ez nem arra s\u00fcrget, hogy sz\u00e1monk\u00e9rj\u00fck a politikusokon mulaszt\u00e1saikat. Ink\u00e1bb azzal hitegetj\u00fck magunkat: felismert\u00fck a v\u00e1ltoz\u00e1s fontoss\u00e1g\u00e1t \u00e9s ha minden felt\u00e9tel adott, majd akkor belev\u00e1gunk.<\/p>\n\n\n\n<p>Az elker\u00fclhetetlen korrekci\u00f3s l\u00e9p\u00e9sek megt\u00e9tele helyett \u00edgy azt mondogatjuk magunknak \u00e9s \u00fczenj\u00fck m\u00e1soknak is:<em> semmit nem elhamarkodni.<\/em> K\u00f6zben pedig n\u00f6vekv\u0151 szorong\u00e1ssal egy olyan j\u00f6v\u0151 fel\u00e9 l\u00e9peget\u00fcnk, amelyik m\u00e1r nem l\u00e9tezik! Erre utal, hogy a szak\u00e9rt\u0151i elemz\u00e9sek \u00e9s h\u00e9tk\u00f6znapi tapasztalataink t\u00falnyom\u00f3 t\u00f6bbs\u00e9ge azt mutatja: az emberis\u00e9g, a j\u00f6v\u0151j\u00e9t d\u00f6nt\u0151en befoly\u00e1sol\u00f3 folyamatok billen\u00e9si pontjainak t\u00f6bbs\u00e9g\u00e9t m\u00e1r t\u00fall\u00e9pte. (<a href=\"https:\/\/global-tipping-points.org\/\" target=\"_blank\" rel=\"noreferrer noopener\"><em>Global Tipping Points Report 2025<\/em>&nbsp;<\/a>). Vagyis, m\u00e1r nem el\u00e9gs\u00e9ges a viselked\u00e9s megfontolt \u00e9s l\u00e9p\u00e9sr\u0151l, l\u00e9p\u00e9sre t\u00f6rt\u00e9n\u0151 m\u00f3dos\u00edtgat\u00e1sa. Imm\u00e1r halaszthatatlan eddigi \u00e9letm\u00f3dunk \u00fajragondol\u00e1sa, t\u00e1rsas kapcsolataink \u00e9s \u00e9letprogramunk r\u00f6vid id\u0151n bel\u00fcli hozz\u00e1igaz\u00edt\u00e1sa az alapvet\u0151en megv\u00e1ltozott glob\u00e1lis vil\u00e1ghoz. Ebben a helyzetben \u00e9reztem \u00fagy, hogy a v\u00e9grehajtand\u00f3 gy\u00f6keres v\u00e1ltoztat\u00e1sok halaszthatatlans\u00e1g\u00e1ra a \u201etipping point\u201d, ink\u00e1bb a \u201epoint of no return\u201d kifejez\u00e9s figyelmeztet. &nbsp;<\/p>\n\n\n\n<p>A \u201epoint of no return\u201d arra a helyzetre utal, amikor a pil\u00f3t\u00e1k a rep\u00fcl\u0151\u00fat k\u00f6zben azzal szembes\u00fclnek, hogy valamilyen &#8211; el\u0151re nem l\u00e1that\u00f3 ok \u2013 miatt, nincs m\u00e1r elegend\u0151 \u00fczemanyag olyan c\u00e9l\u00e1llom\u00e1st v\u00e1lasztani, ahol a biztons\u00e1gos, \u201esoft landing\u201d v\u00e9grehajthat\u00f3. Ez\u00e9rt valahol \u201e\u00fat k\u00f6zben\u201d \u2013 ameddig az \u00fczemanyag egy\u00e1ltal\u00e1n kitart &#8211; lesz\u00e1ll\u00e1sra alkalmas helyet kell keresni. Fel kell azonban k\u00e9sz\u00fclni arra, hogy a f\u00f6ldet \u00e9r\u00e9s nem a megszokott \u201esoft landing\u201d m\u00f3don t\u00f6rt\u00e9nik, hanem k\u00e9nyszer-lesz\u00e1ll\u00e1s lesz, valamilyen \u201ez\u00f6ld mez\u0151n\u201d. Egy ilyen szitu\u00e1ci\u00f3ban a \u201ebillen\u00e9si-pont\u201d &#8211; fokozatos alkalmazkod\u00e1sra figyelmeztet\u0151 &#8211; \u00fczenete megt\u00e9veszt\u0151. T\u00fal\u00e9l\u00e9st m\u00e1r csup\u00e1n \u00e9letvesz\u00e9lyes man\u0151verez\u00e9s k\u00edn\u00e1lhat, s\u0151t m\u00e1r azzal sem bizonyosan. Nos, 2025-ban, az emberis\u00e9g helyzet\u00e9ben olyan fordulat zajlott le, hogy az elker\u00fclhetetlen teend\u0151kre 2026-t\u00f3l m\u00e1r csup\u00e1n a \u201epoint of no return\u201d fogalma figyelmeztet. &nbsp;<\/p>\n\n\n\n<p>Az \u00faj kutat\u00e1si eredm\u00e9nyek ugyanis, az eg\u00e9sz emberis\u00e9g sz\u00e1m\u00e1ra &#8211; a \u201epoint of no return\u201d hangulat\u00e1t kifejez\u0151 &#8211; <em>utols\u00f3 figyelmeztet\u00e9s<\/em> jelleg\u0171 \u00fczenetet jelentenek. K\u00e9pzelje el az olvas\u00f3: szabads\u00e1gra utazva, j\u00f3 ideje a rep\u00fcl\u0151g\u00e9pen \u00fcl, amikor hallja, hogy a pil\u00f3ta-f\u00fclk\u00e9ben arr\u00f3l t\u00e1rgyalnak: m\u00e1r nincs elegend\u0151 \u00fczemanyag eljutni a c\u00e9l\u00e1llom\u00e1sra. Ekkor a leg\u00e9nys\u00e9g egyik tagja megk\u00e9rdezi a kapit\u00e1nyt\u00f3l: mit fogunk most tenni? A kapit\u00e1ny \u00edgy v\u00e1laszol: csak folytassuk az utat, azt meg, hogy mit tesz\u00fcnk, eld\u00f6ntj\u00fck, amikor teljesen elfogy az \u00fczemanyag. Ez elk\u00e9pzelhetetlen, de ugye beugrik, a politikusok gyakran id\u00e9zett reakci\u00f3ja, amikor valamilyen ir\u00e1nyv\u00e1lt\u00e1sra utal\u00f3 k\u00e9rd\u00e9ssel szembes\u00edtik \u0151ket. V\u00e1laszaikat t\u00f6bbnyire politikai jelszavakba csomagolj\u00e1k, de a l\u00e9nyeg ez: \u201eazt, hogy mit tesz\u00fcnk, ha el\u00e9r\u00fcnk a h\u00eddhoz, majd akkor d\u00f6ntj\u00fck el, ha oda \u00e9rkez\u00fcnk\u201d.<\/p>\n\n\n\n<p>Az elm\u00falt \u00e9vekben azonban a <em>billen\u00e9si pont<\/em> \u00f3vatoss\u00e1gra int\u0151 \u00fczenet\u00e9t k\u00e9t t\u00e9ny, \u201epoint of no return\u201d-v\u00e9szjelz\u00e9ss\u00e9 v\u00e1ltoztatta. Az egyik: egyre t\u00f6bb ter\u00fcleten \u00e9s mind gyakrabban szembes\u00fcl\u00fcnk azzal, hogy t\u00fall\u00e9pt\u00fcnk fontos billen\u00e9si pontokat, m\u00e9gis k\u00e9sleked\u00fcnk a sz\u00fcks\u00e9ges l\u00e9p\u00e9sek megt\u00e9tel\u00e9vel. Ez pedig azt jelenti: meg\u00e1ll\u00edthatatlanul cs\u00faszunk bele a \u201emegf\u0151tt b\u00e9ka\u201d csapd\u00e1j\u00e1ba. Az \u201eostob\u00e1nak\u201d tekintett \u00e1llatokn\u00e1l a csapda ellen\u00e1llhatatlan vonz\u00e1s\u00e1t az id\u00e9zi el\u0151, hogy \u2013 nem l\u00e1tva a v\u00e9gkimenet, az elker\u00fclhetetlen katasztr\u00f3f\u00e1t \u2013 puszt\u00e1n hozz\u00e1szokni igyekeznek az egyre roml\u00f3 k\u00f6r\u00fclm\u00e9nyekhez. \u00c1m napjainkban, az emberis\u00e9g n\u00f6vekv\u0151 vesz\u00e9lyeztetetts\u00e9g\u00e9t meg\u00e1llap\u00edt\u00f3 szakemberek folyamatosan arra is h\u00edvj\u00e1k fel a figyelmet: a probl\u00e9m\u00e1k megold\u00e1s\u00e1hoz mind a sz\u00fcks\u00e9ges ismeretekkel, mind a sz\u00fcks\u00e9ges forr\u00e1sokkal rendelkez\u00fcnk. Ebb\u0151l k\u00f6vetkezik a m\u00e1sik \u2013 elgondolkoztat\u00f3 &#8211; t\u00e9ny: az esetlegesen bek\u00f6vetkez\u0151 katasztr\u00f3f\u00e1t az ember ostobas\u00e1ga id\u00e9zi el\u0151. F\u00e9lre\u00e9rthetetlen \u00e9s egyre er\u0151s\u00f6d\u0151 jelek mutatj\u00e1k a probl\u00e9m\u00e1k s\u00falyosbod\u00e1s\u00e1t, \u00e9s ezzel a <em>csapd\u00e1ba es\u00e9s<\/em> n\u00f6vekv\u0151 vesz\u00e9ly\u00e9t.<\/p>\n\n\n\n<p>Mik\u00f6zben azonban a tudom\u00e1ny f\u00e9lre\u00e9rthetetlen\u00fcl jelezi a k\u00f6zeled\u0151 \u201ev\u00e9get\u201d, a j\u00f6v\u0151 alakul\u00e1s\u00e1t legink\u00e1bb befoly\u00e1solni k\u00e9pes politikai \u00e9s gazdas\u00e1gi elit &#8211; egy\u00e9ni \u00e9rdekei \u00e1ltal vezetve \u2013 halogatja a beavatkoz\u00e1st. D\u00f6nt\u00e9seiket pedig a v\u00e1laszt\u00f3k t\u00f6bbs\u00e9ge \u2013 alapvet\u0151en a politikusok \u201efigyelem elterel\u0151\u201d \u00e9s \u201eszavazat v\u00e1s\u00e1rl\u00f3\u201d strat\u00e9gi\u00e1j\u00e1nak hat\u00e1s\u00e1ra \u2013 j\u00f3v\u00e1hagyja. A sz\u00fcks\u00e9ges korrekci\u00f3k elmarad\u00e1s\u00e1\u00e9rt teh\u00e1t mindannyian &#8211; b\u00e1r nem egyenl\u0151 m\u00e9rt\u00e9kben \u2013 felel\u0151sek vagyunk. Az \u00e1ltalam, a <em>fordulat \u00e9vek\u00e9nt<\/em> jellemzett 2025-\u00f6s \u00e9vet teh\u00e1t \u00fagy hagyjuk magunk m\u00f6g\u00f6tt, hogy a most m\u00e1r val\u00f3ban \u201ek\u00f6rm\u00fcnkre \u00e9gett\u201d teend\u0151inket elmulasztottuk megtenni. A 2026-os \u00e9vben teh\u00e1t cs\u00f6kken a <em>puha landol\u00e1s<\/em> es\u00e9lye, m\u00edg n\u0151 a kock\u00e1zatokat rejt\u0151 <em>k\u00e9nyszerlesz\u00e1ll\u00e1s\u00e9<\/em>. De az, hogy elker\u00fclj\u00fck-e az \u00f6sszeoml\u00e1st \u00e9s a m\u00e9g mindig l\u00e9tez\u0151 fenntarthat\u00f3 p\u00e1ly\u00e1ra t\u00e9r\u00fcnk-e, tov\u00e1bbra is t\u0151l\u00fcnk f\u00fcgg.<\/p>\n\n\n\n<p>Azt azonban tudom\u00e1sul kell venn\u00fcnk: nincs vissza\u00fat. Megszokott \u2013 b\u00e1r nem mindig szeretett \u2013 vil\u00e1gunkat v\u00e9gk\u00e9pp magunk m\u00f6g\u00f6tt hagytuk. Szerencs\u00e9re, felt\u00e1rult el\u0151tt\u00fcnk egy \u00e9lhet\u0151 j\u00f6v\u0151t k\u00edn\u00e1l\u00f3, \u00faj fejl\u0151d\u00e9si-p\u00e1lya. A c\u00edmben feltett k\u00e9rd\u00e9sre &#8211; van-e m\u00e9g es\u00e9ly a \u201esoft landingre\u201d? \u2013 teh\u00e1t a v\u00e1lasz: ez m\u00e1r alapvet\u0151en rajtunk m\u00falik. Elgondolkoztat\u00f3 azonban, hogy ez a t\u00e9ny, kevesebbeket tesz optimist\u00e1v\u00e1, mint ah\u00e1nyukat szorong\u00e1ssal t\u00f6lti el. Ha pedig megnyugtat\u00e1sk\u00e9nt m\u00e9g hozz\u00e1 teszem: probl\u00e9m\u00e1ink megold\u00e1s\u00e1hoz sz\u00e1m\u00edthatunk egy seg\u00edt\u0151k\u00e9sz \u00e9s hozz\u00e1\u00e9rt\u0151 partnerre &#8211; a mesters\u00e9ges intelligenci\u00e1ra \u2013 az mintha m\u00e9g tov\u00e1bb n\u00f6veln\u00e9 a szorong\u00e1sukat.&nbsp;<\/p>\n","protected":false},"excerpt":{"rendered":"<p>A 2024 v\u00e9g\u00e9n megjelent \u00edr\u00e1somban, a 2025-\u00f6s \u00e9vet a fordulat \u00e9vek\u00e9nt \u201ekonfer\u00e1ltam be\u201d. A term\u00e9szeti k\u00f6rnyezet, a vil\u00e1ggazdas\u00e1g \u00e9s a glob\u00e1lis politika \u00e1llapot\u00e1nak fokoz\u00f3d\u00f3 zavarai, valamint a mesters\u00e9ges intelligencia t\u00e9rnyer\u00e9se ugyanis egybehangz\u00f3an gy\u00f6keres fordulatra utalt. A 2025-\u00f6s \u00e9v eddigi t\u00f6rt\u00e9nelm\u00fcnk egyik legmelegebb \u00e9ve lesz, b\u00e1r valamivel elmarad a legforr\u00f3bb 2024-es \u00e9vt\u0151l. Ezzel egy\u00fctt, az emberi [&hellip;]<\/p>\n","protected":false},"author":1,"featured_media":0,"comment_status":"open","ping_status":"open","sticky":false,"template":"","format":"standard","meta":{"footnotes":""},"categories":[1],"tags":[],"_links":{"self":[{"href":"http:\/\/blog.marosan.com\/index.php?rest_route=\/wp\/v2\/posts\/2178"}],"collection":[{"href":"http:\/\/blog.marosan.com\/index.php?rest_route=\/wp\/v2\/posts"}],"about":[{"href":"http:\/\/blog.marosan.com\/index.php?rest_route=\/wp\/v2\/types\/post"}],"author":[{"embeddable":true,"href":"http:\/\/blog.marosan.com\/index.php?rest_route=\/wp\/v2\/users\/1"}],"replies":[{"embeddable":true,"href":"http:\/\/blog.marosan.com\/index.php?rest_route=%2Fwp%2Fv2%2Fcomments&post=2178"}],"version-history":[{"count":1,"href":"http:\/\/blog.marosan.com\/index.php?rest_route=\/wp\/v2\/posts\/2178\/revisions"}],"predecessor-version":[{"id":2179,"href":"http:\/\/blog.marosan.com\/index.php?rest_route=\/wp\/v2\/posts\/2178\/revisions\/2179"}],"wp:attachment":[{"href":"http:\/\/blog.marosan.com\/index.php?rest_route=%2Fwp%2Fv2%2Fmedia&parent=2178"}],"wp:term":[{"taxonomy":"category","embeddable":true,"href":"http:\/\/blog.marosan.com\/index.php?rest_route=%2Fwp%2Fv2%2Fcategories&post=2178"},{"taxonomy":"post_tag","embeddable":true,"href":"http:\/\/blog.marosan.com\/index.php?rest_route=%2Fwp%2Fv2%2Ftags&post=2178"}],"curies":[{"name":"wp","href":"https:\/\/api.w.org\/{rel}","templated":true}]}}