{"id":2186,"date":"2026-02-27T10:22:51","date_gmt":"2026-02-27T10:22:51","guid":{"rendered":"http:\/\/blog.marosan.com\/?p=2186"},"modified":"2026-02-27T10:22:51","modified_gmt":"2026-02-27T10:22:51","slug":"az-ai-birodalma","status":"publish","type":"post","link":"http:\/\/blog.marosan.com\/?p=2186","title":{"rendered":"Az AI birodalma"},"content":{"rendered":"\n<p>Karen Hao: Az AI birodalma. \u00c1lmok \u00e9s r\u00e9m\u00e1lmok Sam Altman OpenAI-j\u00e1ban<\/p>\n\n\n\n<p>A mesters\u00e9ges intelligenci\u00e1val (MI) \u00f6sszef\u00fcgg\u0151 technol\u00f3giai forradalomr\u00f3l \u00e9s az ennek k\u00f6vetkezm\u00e9nyek\u00e9nt lezajl\u00f3 gazdas\u00e1gi \u00e9s t\u00e1rsadalmi korszakv\u00e1lt\u00e1sr\u00f3l m\u00e1r sz\u00e1mtalan \u00edr\u00e1s jelent meg. Ezek t\u00falnyom\u00f3 t\u00f6bbs\u00e9ge azt elemzi, hogyan m\u0171k\u00f6dik az MI, mik\u00e9nt k\u00e9pes ell\u00e1tni olyan feladatokat, amelyeket \u2013 eddig kiz\u00e1r\u00f3lag \u2013 az ember tudott, ez hogyan alak\u00edtja \u00e1t vil\u00e1gunkat \u00e9s k\u00e9sztet, s\u0151t k\u00e9nyszer\u00edt alkalmazkodni. Karen Hao k\u00f6nyve azonban valami eg\u00e9szen m\u00e1sr\u00f3l sz\u00f3l. Abba ny\u00fajt betekint\u00e9st, hogyan sz\u00fcletik egy gy\u00f6keresen \u00faj vil\u00e1g, kik \u00e9s hogyan vezetik azokat a v\u00e1llalkoz\u00e1sokat, amelyek l\u00e9trehozz\u00e1k a j\u00f6v\u0151 \u201e\u00e9p\u00edt\u0151kock\u00e1it\u201d. Mintha a Kolumbusz felfedez\u00e9s\u00e9t k\u00f6vetn\u00e9nk v\u00e9gig, kezdve az exped\u00edci\u00f3 el\u0151k\u00e9sz\u00edt\u00e9s\u00e9t\u0151l, annak megszervez\u00e9s\u00e9n, majd a haj\u00f3\u00fat levez\u00e9nyl\u00e9s\u00e9n kereszt\u00fcl, eg\u00e9szen az \u00daj Vil\u00e1g felfedez\u00e9s\u00e9ig \u00e9s elfoglal\u00e1s\u00e1ig, megismerkedve a hozz\u00e1 szorosan kapcsol\u00f3d\u00f3 esem\u00e9nyekkel.<\/p>\n\n\n\n<p>Kao oknyomoz\u00f3 \u00fajs\u00e1g\u00edr\u00f3, aki t\u00f6bb mint egy \u00e9vtizedig foglalkozott az MI t\u00e1rsadalomra gyakorolt hat\u00e1saival, egyben nyomon k\u00f6vette azokat, akik r\u00e9szt vesznek a 21. sz\u00e1zad <em>\u00daj Vil\u00e1g\u00e1nak <\/em>a felfedez\u00e9s\u00e9ben \u00e9s l\u00e9trehoz\u00e1s\u00e1ban: v\u00e1llalkoz\u00e1sokat, meghat\u00e1roz\u00f3 vezet\u0151ket \u00e9s kutat\u00f3kat. T\u00f6bbnyire tiszt\u00e1ban van egy\u00e9ni ind\u00edt\u00e9kaikkal is \u00e9s ennek tudat\u00e1ban mutatja be, hogyan \u00e9s milyen k\u00fczdelmek sor\u00e1n form\u00e1l\u00f3dik a mindannyiunk \u00e9let\u00e9t m\u00e1r ma is alapvet\u0151en meghat\u00e1roz\u00f3 MI-vil\u00e1g. Ez nem puszt\u00e1n \u00e9rdekess\u00e9, hanem ami m\u00e9g fontosabb, kifejezetten lebilincsel\u0151v\u00e9 teszi \u00edr\u00e1s\u00e1t, bepillant\u00e1st engedve a j\u00f6v\u0151 sz\u00fclet\u00e9s\u00e9nek folyamat\u00e1ba. S teszi ezt olyan m\u00f3don, hogy r\u00e1ir\u00e1ny\u00edtja a figyelmet \u2013 az \u00faj technol\u00f3giai innov\u00e1ci\u00f3 felfedez\u00e9s\u00e9t k\u00f6vet\u0151en \u2013 az alkalmaz\u00e1s \u00e9s a \u201eterm\u0151re fordul\u00e1s\u201d folyamat\u00e1nak sokszor figyelmen k\u00edv\u00fcl hagyott, de v\u00e9gs\u0151 soron mindent meghat\u00e1roz\u00f3 menet\u00e9re.<\/p>\n\n\n\n<p>A k\u00f6nyvben megjelen\u0151 szem\u00e9lyek \u2013 eg\u00f3juk<em> ir\u00e1nyt\u0171j\u00e9t<\/em> k\u00f6vetve \u2013 hozt\u00e1k l\u00e9tre \u00e9s form\u00e1lt\u00e1k az AI birodalmait. Hol seg\u00edt\u0151en egy\u00fcttm\u0171k\u00f6dve, hol saj\u00e1t \u00e9rdek\u00fck \u00e9rv\u00e9nyes\u00edt\u00e9s\u00e9re \u00f6sszepontos\u00edtva form\u00e1lt\u00e1k ki, hasonl\u00f3 attit\u0171d\u0171 partnereikkel az ipar\u00e1gat. Munk\u00e1juk eredm\u00e9nyeir\u0151l m\u00e1ra m\u00e1r nem csup\u00e1n a t\u00f6bb milli\u00e1rd felhaszn\u00e1l\u00f3 sz\u00e1m\u00e1ra hozz\u00e1f\u00e9rhet\u0151 \u00e9s haszn\u00e1lt eszk\u00f6z\u00f6k tan\u00faskodnak. Belepillantva a Forbes milli\u00e1rdosok list\u00e1j\u00e1ba, azzal szembes\u00fcl\u00fcnk, hogy t\u00f6bbs\u00e9g\u00fck az els\u0151 h\u00fasz k\u00f6z\u00f6tt tal\u00e1lhat\u00f3. Elgondolkoztat\u00f3, hogy az \u201ealap\u00edt\u00f3 aty\u00e1k\u201d k\u00f6z\u00e9poszt\u00e1lybeli csal\u00e1db\u00f3l indultak, t\u00f6bbs\u00e9g\u00fck 60 alatti \u00e9s m\u00e1ra \u2013 saj\u00e1t erej\u00fckre \u00e9s tud\u00e1sukra t\u00e1maszkodva \u2013 a vil\u00e1g leggazdagabb embereiv\u00e9 v\u00e1ltak. Ez abb\u00f3l a szempontb\u00f3l volt \u00e9rdekes sz\u00e1momra, mert a k\u00f6nyvet eredetileg azzal a v\u00e1rakoz\u00e1ssal vettem k\u00e9zbe, hogy tov\u00e1bbi eligaz\u00edt\u00e1st kapok, mit is kell tanulnom ahhoz, hogy munk\u00e1m sor\u00e1n alkalmazhassam az MI-t.<\/p>\n\n\n\n<p>\u00c1m a k\u00f6nyv ind\u00edt\u00f3 fejezet\u00e9nek (<em>Hatalmi harcok)<\/em> els\u0151 bekezd\u00e9se egyszer\u0171en sokkolt. K\u00e9pzelj\u00fck el azt a szitu\u00e1ci\u00f3t, amelyben egy nagyhatalm\u00fa vezet\u0151, valamelyik este v\u00e1ratlanul nem v\u00e1rt bejelent\u00e9ssel szembes\u00fcl: \u201e<em>2023 november 17-\u00e9n, Sam Altman, az Open AI vez\u00e9rigazgat\u00f3ja \u2013 Szil\u00edcium-v\u00f6lgy aranyifja, a generat\u00edv AI-forradalom z\u00e1szl\u00f3viv\u0151je \u2013 egy Las Vegas-i luxussz\u00e1llod\u00e1ban tart\u00f3zkodott \u00e9s \u00e9ppen bejelentkezett egy Google Meet-\u00e9rtekezletre. A k\u00e9perny\u0151r\u0151l az \u00f6tf\u0151s igazgat\u00f3tan\u00e1cs m\u00e1sik n\u00e9gy tagja n\u00e9zett vissza r\u00e1. Ilya Sutskever az OpenAI tudom\u00e1nyos vezet\u0151je t\u00f6m\u00f6ren k\u00f6z\u00f6lte: <\/em><strong>Altmant elbocs\u00e1tj\u00e1k<\/strong>. Na, de mi volt erre Altman els\u0151 reakci\u00f3ja? <em>\u201e\u00c9s \u00e9n hogyan seg\u00edthetek?\u201d<\/em><\/p>\n\n\n\n<p>Amikor id\u00e1ig \u00e9rtem az olvas\u00e1sban, egyszer csak \u00e9rtelmet kapott a k\u00f6nyv alc\u00edme: \u201e\u00c1lmok \u00e9s r\u00e9m\u00e1lmok Sam Altman OpenAI-j\u00e1ban\u201d. Mert mi is t\u00f6rt\u00e9nt? P\u00e9ntek d\u00e9lut\u00e1n puccs r\u00e1zza meg a birodalmat, ami h\u00e9tf\u0151n reggelre \u2013 n\u00e9mi t\u00falz\u00e1ssal \u2013 megold\u00f3dott. Ez pedig el\u0151re jelzi, hogy a vil\u00e1ggazdas\u00e1g sz\u00ednter\u00e9n zajl\u00f3 birodalmi k\u00fczdelemr\u0151l lesz sz\u00f3. Az \u00e9les \u00e9s kisz\u00e1m\u00edthatatlan versenyhelyzet, valamint az esem\u00e9nyeket mozgat\u00f3 emberek szem\u00e9lyis\u00e9gk\u00e9pe alapj\u00e1n el\u0151re jelezhet\u0151 lett volna az Altman elleni puccs. A v\u00e9gkifejlet ugyan kisz\u00e1m\u00edthatatlan volt, de v\u00e9g\u00fcl is \u00fagy t\u0171nt, megnyugtat\u00f3an rendez\u0151dtek a dolgok. S val\u00f3ban, egy h\u00f3nappal k\u00e9s\u0151bb: <em>\u201eminden vissza\u00e1llt a r\u00e9gi ker\u00e9kv\u00e1g\u00e1sba, mintha sor sem ker\u00fclt volna A D\u00f6ccen\u0151re, ahogy a munkat\u00e1rsak nevezt\u00e9k.\u201d<\/em> Vagyis a p\u00e9nteki puccs, egy h\u00e9tv\u00e9ge alatt \u00f6sszeomlott. \u00c1m ne gondoljuk, hogy ez a kr\u00edzis \u2013 mik\u00e9nt a t\u00f6bbi, folyamatosan keletkez\u0151 \u2013 v\u00e9glegesen rendez\u0151dik. Erre utal, hogy a v\u00e1ls\u00e1got r\u00e9szletes t\u00e1rgyal\u00f3 fejezet (<em>Kalandreg\u00e9ny<\/em>) a k\u00f6vetkez\u0151 mondattal \u00e9r v\u00e9get: \u201e<em>Az alkalmazottak t\u00f6bbs\u00e9ge sz\u00e1m\u00e1ra az \u00fcgy megnyugtat\u00f3an lez\u00e1rult. A v\u00e1ls\u00e1g v\u00e9get \u00e9rt. Azut\u00e1n hirtelen m\u00e9gsem.\u201d<\/em><\/p>\n\n\n\n<p>A k\u00f6nyv er\u00e9nye, hogy az oknyomoz\u00f3 \u00fajs\u00e1g\u00edr\u00f3 \u00e1ltal felkutatott \u00e9s a helyzetet komplexen jellemz\u0151 t\u00e9nyek alapj\u00e1n rajzolja fel a vil\u00e1ggazdas\u00e1g leghatalmasabb glob\u00e1lis v\u00e1llalatainak vet\u00e9lked\u00e9s\u00e9t. Ennek folyamata ilyen pontosan, ennyire meggy\u0151z\u0151en \u00e9s ilyen sok t\u00e9nyre alapozva m\u00e1shonnan egyszer\u0171en nem hozz\u00e1f\u00e9rhet\u0151. \u00c9rz\u00e9kelhet\u0151v\u00e9 tette a tech-elit \u2013 \u00faj kifejez\u00e9ssel a broligarchia (\u201ehaverok oligarchi\u00e1ja\u201d) \u2013 viselked\u00e9s\u00e9t \u00e9s gazdas\u00e1gi s\u00faly\u00e1t is, ami a saj\u00e1t v\u00e1llalataik tulajdon\u00e1b\u00f3l ered \u00e9s amihez \u2013 a vil\u00e1gpolitika autokrata vezet\u0151ihez hasonl\u00f3 \u2013 \u00f6nt\u00f6rv\u00e9ny\u0171 \u00e9s kisz\u00e1m\u00edthatatlan viselked\u00e9s kapcsol\u00f3dik. Ez napjainkban k\u00fcl\u00f6n\u00f6sen \u00e9rdekes, hiszen mik\u00f6zben ezt az ismertet\u00e9st \u00edrtam, az internet azzal volt tele: kipukkant az AI-bubor\u00e9k, \u00e9s \u00f6sszeomlott a c\u00e9gek t\u0151zsdei fel\u00edvel\u00e9se. Ez ut\u00f3lag is igazolja a k\u00f6nyv c\u00e9lkit\u0171z\u00e9s\u00e9t: elemezni az elm\u00falt \u00e9vek egyik \u2013 a figyelem homlokter\u00e9ben lev\u0151 \u2013 birodalma, az OpenAI l\u00e9trej\u00f6tt\u00e9t, \u00e9s ennek nyom\u00e1n felt\u00e1rni a vil\u00e1ggazdas\u00e1gi \u00e9s a glob\u00e1lis <em>technol\u00f3giai cunami<\/em>kon v\u00e9gezhet\u0151 \u201ehull\u00e1mlovagl\u00e1s\u201d strat\u00e9gi\u00e1j\u00e1t.<\/p>\n\n\n\n<p>Az elj\u00f6vend\u0151 \u00e9veket az \u201eAI vil\u00e1gbirodalmak\u201d t\u00fal\u00e9l\u00e9si k\u00fczdelmei fogj\u00e1k meghat\u00e1rozni, illetve szembes\u00fcl\u00e9s\u00fck a vil\u00e1ggazdas\u00e1gi \u00f6sszeoml\u00e1ssal. Ezek a birodalmak szinte szempillant\u00e1s alatt \u00e9p\u00fcltek fel, \u00e9s a szerz\u0151 ahhoz ad alapvet\u0151 \u00e9s m\u00e1shol nem is megszerezhet\u0151 seg\u00edts\u00e9get, hogy meg\u00e9rts\u00fck, mi is mozgatja az alap\u00edt\u00f3kat \u00e9s finansz\u00edroz\u00f3kat, mi vez\u00e9rli a glob\u00e1lis ipar\u00e1gak meghat\u00e1roz\u00f3 tulajdonosait, \u00e9s a vil\u00e1ggazdas\u00e1g \u00e9s vil\u00e1gpolitika domin\u00e1ns szerepl\u0151it. Ez a helyzet kifejezetten k\u00e9sztet arra, hogy v\u00e9gig olvassuk Karen Hao k\u00f6nyv\u00e9t. \u00cdgy reflektorf\u00e9nyt kaphat, hogy kik, milyen hatalomra t\u00e1maszkodva \u00e9s milyen viselked\u00e9si modelleket k\u00f6vetve vesznek r\u00e9szt \u00e9s sz\u00f3lnak bele napjaink sokasod\u00f3 kr\u00edziseinek megold\u00e1s\u00e1ba.<\/p>\n\n\n\n<p>A k\u00f6nyv sz\u00e1mtalan \u00e9rdekess\u00e9ggel seg\u00edti az AI-vel \u00f6sszef\u00fcgg\u0151 \u00fczleti <em>\u00f6kosziszt\u00e9ma<\/em> m\u0171k\u00f6d\u00e9s\u00e9nek meg\u00e9rt\u00e9s\u00e9t. Csak kett\u0151t id\u00e9zek. Egyr\u00e9szt, az USA korm\u00e1nya nagyj\u00e1b\u00f3l 1,5 milli\u00e1rd doll\u00e1rt, Eur\u00f3pa pedig <strong>1,2 milli\u00e1rdot k<\/strong>\u00fcl\u00f6n\u00edtett el a nem-v\u00e9delmi c\u00e9lra ford\u00edthat\u00f3 MI kutat\u00e1s\u00e1ra. Az ipar\u00e1g legismertebb c\u00e9gjei viszont 2021-ben sokszorosan t\u00f6bbet k\u00f6lt\u00f6ttek ugyanerre: az Alfabet 31,6, illetve a Meta 24,7 milli\u00e1rdot! A szerz\u0151 meg\u00e1llap\u00edtja: \u201e<em>A OpenAI valamennyi alap\u00edt\u00f3 tagj\u00e1nak 175 ezer doll\u00e1ros alapfizet\u00e9st, valamint YC vagy SpeceX r\u00e9szv\u00e9nyeket aj\u00e1nlott. Sutskever ezzel szemben csaknem k\u00e9tmilli\u00f3 doll\u00e1ros aj\u00e1nlatot kapott, ami szinte hallatlan \u00f6sszeg egy nonprofit szervezett\u0151l.<\/em>\u201d Ezek a p\u00e9nz\u00fcgyi nagys\u00e1grendek \u00e9rthet\u0151v\u00e9 teszik, hogy m\u00e1r az alap\u00edt\u00e1s sor\u00e1n a c\u00e9gek kiemelt figyelmet ford\u00edtottak a sikert alapvet\u0151en befoly\u00e1sol\u00f3, rejtett vezet\u0151i kompetenci\u00e1kra. Ezek egyike, a Szil\u00edcium-v\u00f6lgyben id\u00e9zett mond\u00e1s, ami a kapcsolati min\u0151s\u00e9gre utal: <em>\u201et\u00e1rsalap\u00edt\u00f3v\u00e1 v\u00e1lni olyan, mint h\u00e1zass\u00e1got k\u00f6tni.\u201d<\/em> A m\u00e1sik viszont, a vezet\u0151i szem\u00e9lyis\u00e9gre vonatkoz\u00f3 saj\u00e1tos k\u00f6vetelm\u00e9ny, amit a legjobban Elon Musk jellemz\u00e9se fejez ki, amit Sam Altmanr\u00f3l adott: <em>\u201eLedobhatod ejt\u0151erny\u0151vel egy emberev\u0151kkel teli szigetre, \u00e9s amikor \u00f6t \u00e9vvel k\u00e9s\u0151bb visszat\u00e9rsz, \u0151 lesz a kir\u00e1ly.\u201d<\/em><\/p>\n\n\n\n<p>A k\u00f6nyvet olvasva olyan k\u00e9p alakul ki az AI ipar\u00e1g sz\u00fclet\u00e9s\u00e9r\u0151l \u00e9s az abban r\u00e9sztvev\u0151r\u0151l \u2013 finansz\u00edroz\u00f3kr\u00f3l, v\u00e1llalatok tulajdonosair\u00f3l \u00e9s vezet\u0151ir\u0151l \u2013 mintha csak az \u00fajkor elej\u00e9n zajl\u00f3 gyarmatos\u00edt\u00e1s esem\u00e9nyei ism\u00e9tl\u0151dn\u00e9nek meg. V\u00e9get nem \u00e9r\u0151 csat\u00e1k \u00e9s h\u00f3d\u00edt\u00e1sok, megh\u00f6kkent\u0151 felfedez\u00e9sek, amelyek el\u0151re nem l\u00e1that\u00f3 m\u00f3don futnak v\u00e9gig a kisaj\u00e1t\u00edt\u00e1s \u00e9s a birtokba v\u00e9tel, majd az \u00f6sszeoml\u00e1s \u00e9s visszavonul\u00e1s f\u00e1zisain. Az eg\u00e9sz folyamat egyik legfontosabb eleme egym\u00e1s szakembereinek elcs\u00e1b\u00edt\u00e1sa, az \u00f6tleteik ellop\u00e1sa. Mik\u00f6zben pedig folyamatosan minden v\u00e1ltozik, csak a kr\u00edzisek jelentik az \u00e1lland\u00f3s\u00e1got. Ez \u00edgy kicsit t\u00falz\u00f3 megfogalmaz\u00e1snak t\u0171nhet, de a k\u00f6nyv \u00edgy foglalja \u00f6ssze az OpenAI dolgoz\u00f3inak er\u0151s\u00f6d\u0151 tapasztalat\u00e1t: \u201e<em>A vezet\u0151s\u00e9g m\u00e9g nem is kerekedett fel\u00fcl ezen az \u00faj konfliktuson, m\u00e1ris kipattant a k\u00f6vetkez\u0151. Az irod\u00e1ban \u00faj kifejez\u00e9st alkottak a munkat\u00e1rsak: <strong>\u00d6r\u00f6kv\u00e1ls\u00e1g<\/strong>.\u201d<\/em><\/p>\n\n\n\n<p>Ahhoz, hogy meg\u00e9rts\u00fck, mi is a mesters\u00e9ges intelligencia (az AI\/MI) \u00e9s milyen szerepet is j\u00e1tszik a t\u00e1rsadalom \u00e1talakul\u00e1s\u00e1ban, nem elegend\u0151 a m\u0171szaki tartalom \u00e9s informatikai lehet\u0151s\u00e9gek bemutat\u00e1sa. A k\u00f6nyv el\u0151t\u00e9rbe helyez olyan inform\u00e1ci\u00f3kat, amelyeket kor\u00e1bban a m\u0171szaki r\u00e9szletek \u00e1ltal elfedtek, s ez\u00e1ltal r\u00e1\u00e9breszt, hogy a v\u00e1llalkoz\u00e1sok vezet\u0151inek \u00e9s szakembereinek szem\u00e9lyis\u00e9ge \u00e9s strat\u00e9gi\u00e1ja l\u00e9nyegesen meghat\u00e1roz\u00f3bb, mint gondoltuk volna. Ez nyomja r\u00e1 a b\u00e9lyeg\u00e9t arra, hogyan terjed el az AI \u00e9s milyen v\u00e1ltoz\u00e1sokat v\u00e1lt ki a t\u00e1rsadalomban. S\u0151t: a helyzet m\u00e9g enn\u00e9l is bonyolultabb, s\u0151t nyomaszt\u00f3bb. Ezt a k\u00f6nyv kend\u0151zetlen\u00fcl, de t\u00e9nyekre alapozva \u00e9s sok p\u00e9ld\u00e1n kereszt\u00fcl mutatja be. Az eredetileg j\u00f3sz\u00e1nd\u00e9k\u00fa \u00e9s \u00f3vatos szem\u00e9lyis\u00e9g\u0171 kutat\u00f3kb\u00f3l meg a vel\u00fck egy\u00fcttm\u0171k\u00f6d\u0151 v\u00e1llalati szakemberekb\u0151l \u201eketrecharcosokat\u201d form\u00e1lt a verseny nyomaszt\u00f3 k\u00e9nyszere. Vajon milyen \u00e9rdekek \u00e9s sz\u00e1nd\u00e9kok vez\u00e9relhetik a bel\u0151l\u00fck fel\u00e9p\u00fcl\u0151 v\u00e1llalatbirodalmakat?<\/p>\n\n\n\n<p>A szok\u00e1sos v\u00e1llalati k\u00fczdelmekben csak valahol a h\u00e1tt\u00e9rben osztanak helyet a kutat\u00f3knak, illetve a m\u0171szaki \u00e9s a piaci szakembereknek. A csat\u00e1kat a nagyv\u00e1llalkoz\u00f3k v\u00edvj\u00e1k, a p\u00e9nz\u00fcgyi elit t\u00e1mogat\u00f3 k\u00f6zrem\u0171k\u00f6d\u00e9s\u00e9vel. Ehhez k\u00e9pest az AI birodalmak \u00e9p\u00edt\u00e9sekor \u2013 mint az OpenAI p\u00e9ld\u00e1j\u00e1n l\u00e1that\u00f3 \u2013 egyszerre kell k\u00fczdeni a t\u00fal\u00e9l\u00e9s\u00e9rt \u00e9s a \u201evil\u00e1ghatalom\u00e9rt\u201d, \u00e9s ekkor az <em>innov\u00e1torok<\/em> k\u00f6zvetlen\u00fcl \u00e9s meghat\u00e1roz\u00f3 m\u00f3don befoly\u00e1solj\u00e1k az esem\u00e9nyeket. K\u00fcl\u00f6n\u00f6sen \u00e9rdekes az a konfliktus, amikor a szakmai g\u00e1rda \u2013 elt\u00e9r\u0151en a szok\u00e1sos esetekt\u0151l \u2013 belefolyik a dolgok menet\u00e9be. Ezt tov\u00e1bb er\u0151s\u00edtette az alap\u00edt\u00e1s sor\u00e1n v\u00e1lasztott saj\u00e1tos megold\u00e1s: az OpenAI-t eredetileg nonprofit szervezetk\u00e9nt hozt\u00e1k l\u00e9tre. A munk\u00e1k el\u0151rehaladt\u00e1val \u00e9s az eredm\u00e9nyek megsz\u00fclet\u00e9s\u00e9vel azut\u00e1n egyre fontosabb\u00e1 v\u00e1lt a p\u00e9nz\u00fcgyi siker. Emiatt sz\u00fcks\u00e9gk\u00e9ppen ki\u00e9lez\u0151d\u00f6tt a harc a k\u00e9t t\u00e1bor k\u00f6z\u00f6tt, egyesek az eredeti k\u00fcldet\u00e9s c\u00e9ljaihoz ragaszkodtak, m\u00e1sok a p\u00e9nz\u00fcgyi megt\u00e9r\u00fcl\u00e9st tekintett\u00e9k a t\u00fal\u00e9l\u00e9s elker\u00fclhetetlen felt\u00e9tel\u00e9nek.<\/p>\n\n\n\n<p>Amikor Karen Hao, 2019-ben elkezdett foglalkozni az OpenAI-val, sem az \u00fajs\u00e1g\u00edr\u00e1sban, sem az AI ter\u00fclet\u00e9n nem volt kezd\u0151. Els\u0151 \u00e9lm\u00e9nyei alapj\u00e1n alapvet\u0151en <em>j\u00f3 fi\u00faknak<\/em> gondolta mindazokat, akikkel a szervezetben tal\u00e1lkozott. Elfogadta az OpenAI nonprofit jelleg\u00e9t, ami a t\u00e1rsadalmi hozz\u00e1j\u00e1rul\u00e1st tekintette alapvet\u0151 k\u00fcldet\u00e9s\u00e9nek. A fokozatosan kiform\u00e1l\u00f3d\u00f3 ipar\u00e1g viszont alaposan \u00e1talakult: m\u00e9g a szok\u00e1sosn\u00e1l is kisz\u00e1m\u00edthatatlanabb\u00e1 \u00e9s t\u0151keig\u00e9nyesebb\u00e9 v\u00e1lt. A k\u00f6r\u00fclm\u00e9nyeket \u00e1lland\u00f3 \u00e9lethal\u00e1lharc jellemezte, bar\u00e1ti\/ellens\u00e9ges viszony, ami pillanatok alatt fordulhatott az ellent\u00e9t\u00e9be, a m\u0171k\u00f6d\u00e9s pedig soha nem l\u00e1tott mennyis\u00e9g\u0171 er\u0151forr\u00e1st ig\u00e9nyelt: bele\u00e9rtve a ritka, cs\u00facskateg\u00f3ri\u00e1s chipeket \u00e9s elk\u00e9pzelhetetlen mennyis\u00e9g\u0171 adatot. Az OpenAI, a robban\u00e1sszer\u0171en b\u0151v\u00fcl\u0151 lehet\u0151s\u00e9gek \u00e9s a v\u00e1ratlanul felbukkan\u00f3 k\u00e9nyszerek hat\u00e1s\u00e1ra \u0151r\u00fclt temp\u00f3ban fejl\u0151d\u00f6tt.<\/p>\n\n\n\n<p>A szerz\u0151 olvasm\u00e1nyos \u00e9s t\u00e9nyekre alapozott \u00f6sszefoglal\u00f3t \u00e9s elemz\u00e9st ad arr\u00f3l, hogyan sz\u00fcletett \u00e9s milyen ir\u00e1nyba fejl\u0151dik az egym\u00e1ssal vet\u00e9lked\u0151 AI-birodalmakb\u00f3l fel\u00e9p\u00fcl\u0151 vil\u00e1g. Mivel pedig ez mindannyiunk \u00e9let\u00e9t alapvet\u0151en meghat\u00e1rozza, mindenkinek meg\u00e9ri, hogy elolvassa \u00e9s meg\u00e9rtse: mi is v\u00e1r r\u00e1nk!<\/p>\n","protected":false},"excerpt":{"rendered":"<p>Karen Hao: Az AI birodalma. \u00c1lmok \u00e9s r\u00e9m\u00e1lmok Sam Altman OpenAI-j\u00e1ban A mesters\u00e9ges intelligenci\u00e1val (MI) \u00f6sszef\u00fcgg\u0151 technol\u00f3giai forradalomr\u00f3l \u00e9s az ennek k\u00f6vetkezm\u00e9nyek\u00e9nt lezajl\u00f3 gazdas\u00e1gi \u00e9s t\u00e1rsadalmi korszakv\u00e1lt\u00e1sr\u00f3l m\u00e1r sz\u00e1mtalan \u00edr\u00e1s jelent meg. Ezek t\u00falnyom\u00f3 t\u00f6bbs\u00e9ge azt elemzi, hogyan m\u0171k\u00f6dik az MI, mik\u00e9nt k\u00e9pes ell\u00e1tni olyan feladatokat, amelyeket \u2013 eddig kiz\u00e1r\u00f3lag \u2013 az ember tudott, ez [&hellip;]<\/p>\n","protected":false},"author":1,"featured_media":0,"comment_status":"open","ping_status":"open","sticky":false,"template":"","format":"standard","meta":{"footnotes":""},"categories":[1],"tags":[],"_links":{"self":[{"href":"http:\/\/blog.marosan.com\/index.php?rest_route=\/wp\/v2\/posts\/2186"}],"collection":[{"href":"http:\/\/blog.marosan.com\/index.php?rest_route=\/wp\/v2\/posts"}],"about":[{"href":"http:\/\/blog.marosan.com\/index.php?rest_route=\/wp\/v2\/types\/post"}],"author":[{"embeddable":true,"href":"http:\/\/blog.marosan.com\/index.php?rest_route=\/wp\/v2\/users\/1"}],"replies":[{"embeddable":true,"href":"http:\/\/blog.marosan.com\/index.php?rest_route=%2Fwp%2Fv2%2Fcomments&post=2186"}],"version-history":[{"count":1,"href":"http:\/\/blog.marosan.com\/index.php?rest_route=\/wp\/v2\/posts\/2186\/revisions"}],"predecessor-version":[{"id":2187,"href":"http:\/\/blog.marosan.com\/index.php?rest_route=\/wp\/v2\/posts\/2186\/revisions\/2187"}],"wp:attachment":[{"href":"http:\/\/blog.marosan.com\/index.php?rest_route=%2Fwp%2Fv2%2Fmedia&parent=2186"}],"wp:term":[{"taxonomy":"category","embeddable":true,"href":"http:\/\/blog.marosan.com\/index.php?rest_route=%2Fwp%2Fv2%2Fcategories&post=2186"},{"taxonomy":"post_tag","embeddable":true,"href":"http:\/\/blog.marosan.com\/index.php?rest_route=%2Fwp%2Fv2%2Ftags&post=2186"}],"curies":[{"name":"wp","href":"https:\/\/api.w.org\/{rel}","templated":true}]}}